{"id":983,"date":"2024-03-15T13:17:57","date_gmt":"2024-03-15T11:17:57","guid":{"rendered":"https:\/\/kuurojenliitto.fi\/kulttuuripaivat\/?p=983"},"modified":"2024-03-15T13:17:57","modified_gmt":"2024-03-15T11:17:57","slug":"vi-soker-frivilliga-till-kulturdagarna","status":"publish","type":"post","link":"https:\/\/kuurojenliitto.fi\/kulttuuripaivat\/sv\/aktuellt\/vi-soker-frivilliga-till-kulturdagarna\/","title":{"rendered":"Vi s\u00f6ker frivilliga till kulturdagarna"},"content":{"rendered":"<p>I videon ber\u00e4ttar evenemangets frivilligkontaktperson Pia om f\u00f6rberedelserna inf\u00f6r kulturdagarna. Frivilliga kan v\u00e4lja vilka ansvarsomr\u00e5den de vill arbeta med under dagen; biljettf\u00f6rs\u00e4ljning, konstutst\u00e4llning, barnaktiviteter, foaj\u00e9 och bakom kulisserna.<\/p>\n<h2>Vad f\u00e5r de frivilliga?<\/h2>\n<p>Frivilliga erbjuds FULL PASS armband f\u00f6r kulturdagarna som ger tilltr\u00e4de till alla evenemang under helgen utanf\u00f6r arbetstiden, samt luncher och mellanm\u00e5l p\u00e5 Dansens Hus p\u00e5 l\u00f6rdagen. Resor och boende m\u00e5ste de frivilliga bekosta sj\u00e4lva. Frivilliga f\u00e5r en arbets T-tr\u00f6ja, samt en fantastisk upplevelse och ett minne fr\u00e5n den teckenspr\u00e5kiga h\u00e4ndelsen!<\/p>\n<h2>Anm\u00e4lan<\/h2>\n<p>Skicka ett e-postmeddelande till: <strong>vaparit2024@hky.fi<\/strong><\/p>\n<p>Ber\u00e4tta dina \u00f6nskem\u00e5l om ansvarsomr\u00e5de och storlek p\u00e5 din T-tr\u00f6ja. Anm\u00e4lan kr\u00e4ver ocks\u00e5 deltagande i frivillig kursen som ordnas <strong>den 5-6 april<\/strong>, som koordineras av D\u00f6vas folkh\u00f6gskolan.<\/p>\n<h2>Frivillig kurs den 5-6 april<\/h2>\n<p>Under frivillig kursen bekantas lokalerna p\u00e5 Dansens Hus den 5 april. Introduktion till frivilligarbete och arbetsf\u00f6rdelning den 6 april p\u00e5 D\u00f6vas folkh\u00f6gskola i Ljusa huset. Kursen ger grundl\u00e4ggande information och f\u00e4rdigheter f\u00f6r att arbeta som frivillig p\u00e5 kulturdagarna. Mer detaljerade tidtabeller och information skickas till anm\u00e4lda n\u00e4rmare kursdatumet. Det bjuds p\u00e5 mellanm\u00e5l under kursen.<\/p>\n<h2>Pris<\/h2>\n<p>Kursen \u00e4r kostnadsfri f\u00f6r deltagarna. Genomf\u00f6randet av utbildningen kr\u00e4ver minst 20 deltagare. Observera! Begr\u00e4nsat antal platser.<\/p>\n<h2>Sista anm\u00e4lningsdag<\/h2>\n<p>Sista anm\u00e4lningsdag f\u00f6r kursen \u00e4r <strong>den 24 mars 2024<\/strong>. Vid anm\u00e4lan \u00e5tar du dig att delta i kursen. Avbokning m\u00e5ste g\u00f6ras senast p\u00e5 sista anm\u00e4lningsdagen. Utbildningen arrangeras i samarbete mellan Finlands D\u00f6vas F\u00f6rbund och D\u00f6vas folkh\u00f6gskolan.<\/p>\n","protected":false},"excerpt":{"rendered":"<p>\u00c4r du intresserad av att arbeta som frivillig under de d\u00f6vas riksomfattande kulturdagar? H\u00e4r \u00e4r ett utm\u00e4rkt erbjudande f\u00f6r dig &#8211; du f\u00e5r arbetserfarenhet och ett trevligt minne fr\u00e5n en teckenspr\u00e5kig massh\u00e4ndelse som arrangeras i Helsingfors den 10-12 maj!<\/p>\n","protected":false},"author":7,"featured_media":0,"comment_status":"closed","ping_status":"closed","sticky":false,"template":"","format":"standard","meta":{"_acf_changed":false,"footnotes":""},"categories":[16],"tags":[],"class_list":["post-983","post","type-post","status-publish","format-standard","hentry","category-kulturdagar","px-4 sm:px-4 md:px-8 lg:px-12 xl:px-24"],"acf":[],"yoast_head":"<!-- This site is optimized with the Yoast SEO plugin v28.4 - https:\/\/yoast.com\/product\/yoast-seo-wordpress\/ -->\n<title>Vi s\u00f6ker frivilliga till kulturdagarna - Kulttuurip\u00e4iv\u00e4t<\/title>\n<meta name=\"robots\" content=\"index, follow, max-snippet:-1, max-image-preview:large, max-video-preview:-1\" \/>\n<link rel=\"canonical\" href=\"https:\/\/kuurojenliitto.fi\/kulttuuripaivat\/sv\/aktuellt\/vi-soker-frivilliga-till-kulturdagarna\/\" \/>\n<meta property=\"og:locale\" content=\"fi_FI\" \/>\n<meta property=\"og:type\" content=\"article\" \/>\n<meta property=\"og:title\" content=\"Vi s\u00f6ker frivilliga till kulturdagarna - Kulttuurip\u00e4iv\u00e4t\" \/>\n<meta property=\"og:description\" content=\"\u00c4r du intresserad av att arbeta som frivillig under de d\u00f6vas riksomfattande kulturdagar? H\u00e4r \u00e4r ett utm\u00e4rkt erbjudande f\u00f6r dig - du f\u00e5r arbetserfarenhet och ett trevligt minne fr\u00e5n en teckenspr\u00e5kig massh\u00e4ndelse som arrangeras i Helsingfors den 10-12 maj!\" \/>\n<meta property=\"og:url\" content=\"https:\/\/kuurojenliitto.fi\/kulttuuripaivat\/sv\/aktuellt\/vi-soker-frivilliga-till-kulturdagarna\/\" \/>\n<meta property=\"og:site_name\" content=\"Kulttuurip\u00e4iv\u00e4t\" \/>\n<meta property=\"article:published_time\" content=\"2024-03-15T11:17:57+00:00\" \/>\n<meta name=\"author\" content=\"Heidi Koivisto Robertson\" \/>\n<meta name=\"twitter:card\" content=\"summary_large_image\" \/>\n<meta name=\"twitter:label1\" content=\"Kirjoittanut\" \/>\n\t<meta name=\"twitter:data1\" content=\"Heidi Koivisto Robertson\" \/>\n\t<meta name=\"twitter:label2\" content=\"Arvioitu lukuaika\" \/>\n\t<meta name=\"twitter:data2\" content=\"2 minuuttia\" \/>\n<script type=\"application\/ld+json\" class=\"yoast-schema-graph\">{\"@context\":\"https:\\\/\\\/schema.org\",\"@graph\":[{\"@type\":\"Article\",\"@id\":\"https:\\\/\\\/kuurojenliitto.fi\\\/kulttuuripaivat\\\/sv\\\/aktuellt\\\/vi-soker-frivilliga-till-kulturdagarna\\\/#article\",\"isPartOf\":{\"@id\":\"https:\\\/\\\/kuurojenliitto.fi\\\/kulttuuripaivat\\\/sv\\\/aktuellt\\\/vi-soker-frivilliga-till-kulturdagarna\\\/\"},\"author\":{\"name\":\"Heidi Koivisto Robertson\",\"@id\":\"https:\\\/\\\/kuurojenliitto.fi\\\/kulttuuripaivat\\\/#\\\/schema\\\/person\\\/3d384687ee3b26817c3a1e0385b650db\"},\"headline\":\"Vi s\u00f6ker frivilliga till kulturdagarna\",\"datePublished\":\"2024-03-15T11:17:57+00:00\",\"mainEntityOfPage\":{\"@id\":\"https:\\\/\\\/kuurojenliitto.fi\\\/kulttuuripaivat\\\/sv\\\/aktuellt\\\/vi-soker-frivilliga-till-kulturdagarna\\\/\"},\"wordCount\":286,\"articleSection\":[\"Kulturdagar\"],\"inLanguage\":\"fi\"},{\"@type\":\"WebPage\",\"@id\":\"https:\\\/\\\/kuurojenliitto.fi\\\/kulttuuripaivat\\\/sv\\\/aktuellt\\\/vi-soker-frivilliga-till-kulturdagarna\\\/\",\"url\":\"https:\\\/\\\/kuurojenliitto.fi\\\/kulttuuripaivat\\\/sv\\\/aktuellt\\\/vi-soker-frivilliga-till-kulturdagarna\\\/\",\"name\":\"Vi s\u00f6ker frivilliga till kulturdagarna - Kulttuurip\u00e4iv\u00e4t\",\"isPartOf\":{\"@id\":\"https:\\\/\\\/kuurojenliitto.fi\\\/kulttuuripaivat\\\/#website\"},\"datePublished\":\"2024-03-15T11:17:57+00:00\",\"author\":{\"@id\":\"https:\\\/\\\/kuurojenliitto.fi\\\/kulttuuripaivat\\\/#\\\/schema\\\/person\\\/3d384687ee3b26817c3a1e0385b650db\"},\"breadcrumb\":{\"@id\":\"https:\\\/\\\/kuurojenliitto.fi\\\/kulttuuripaivat\\\/sv\\\/aktuellt\\\/vi-soker-frivilliga-till-kulturdagarna\\\/#breadcrumb\"},\"inLanguage\":\"fi\",\"potentialAction\":[{\"@type\":\"ReadAction\",\"target\":[\"https:\\\/\\\/kuurojenliitto.fi\\\/kulttuuripaivat\\\/sv\\\/aktuellt\\\/vi-soker-frivilliga-till-kulturdagarna\\\/\"]}]},{\"@type\":\"BreadcrumbList\",\"@id\":\"https:\\\/\\\/kuurojenliitto.fi\\\/kulttuuripaivat\\\/sv\\\/aktuellt\\\/vi-soker-frivilliga-till-kulturdagarna\\\/#breadcrumb\",\"itemListElement\":[{\"@type\":\"ListItem\",\"position\":1,\"name\":\"Home\",\"item\":\"https:\\\/\\\/kuurojenliitto.fi\\\/kulttuuripaivat\\\/\"},{\"@type\":\"ListItem\",\"position\":2,\"name\":\"Vi s\u00f6ker frivilliga till kulturdagarna\"}]},{\"@type\":\"WebSite\",\"@id\":\"https:\\\/\\\/kuurojenliitto.fi\\\/kulttuuripaivat\\\/#website\",\"url\":\"https:\\\/\\\/kuurojenliitto.fi\\\/kulttuuripaivat\\\/\",\"name\":\"Kulttuurip\u00e4iv\u00e4t\",\"description\":\"Uusi Kuurojen Liitto-sivustot -sivusto\",\"potentialAction\":[{\"@type\":\"SearchAction\",\"target\":{\"@type\":\"EntryPoint\",\"urlTemplate\":\"https:\\\/\\\/kuurojenliitto.fi\\\/kulttuuripaivat\\\/?s={search_term_string}\"},\"query-input\":{\"@type\":\"PropertyValueSpecification\",\"valueRequired\":true,\"valueName\":\"search_term_string\"}}],\"inLanguage\":\"fi\"},{\"@type\":\"Person\",\"@id\":\"https:\\\/\\\/kuurojenliitto.fi\\\/kulttuuripaivat\\\/#\\\/schema\\\/person\\\/3d384687ee3b26817c3a1e0385b650db\",\"name\":\"Heidi Koivisto Robertson\",\"image\":{\"@type\":\"ImageObject\",\"inLanguage\":\"fi\",\"@id\":\"https:\\\/\\\/secure.gravatar.com\\\/avatar\\\/35c6f38e5cdf2085a7fb30f8f0195f3d5e9bbf26447b9add1ce98c4feb97d5b8?s=96&d=mm&r=g\",\"url\":\"https:\\\/\\\/secure.gravatar.com\\\/avatar\\\/35c6f38e5cdf2085a7fb30f8f0195f3d5e9bbf26447b9add1ce98c4feb97d5b8?s=96&d=mm&r=g\",\"contentUrl\":\"https:\\\/\\\/secure.gravatar.com\\\/avatar\\\/35c6f38e5cdf2085a7fb30f8f0195f3d5e9bbf26447b9add1ce98c4feb97d5b8?s=96&d=mm&r=g\",\"caption\":\"Heidi Koivisto Robertson\"},\"url\":\"https:\\\/\\\/kuurojenliitto.fi\\\/kulttuuripaivat\\\/ajankohtaista\\\/author\\\/heidirobertson\\\/\"}]}<\/script>\n<!-- \/ Yoast SEO plugin. -->","yoast_head_json":{"title":"Vi s\u00f6ker frivilliga till kulturdagarna - Kulttuurip\u00e4iv\u00e4t","robots":{"index":"index","follow":"follow","max-snippet":"max-snippet:-1","max-image-preview":"max-image-preview:large","max-video-preview":"max-video-preview:-1"},"canonical":"https:\/\/kuurojenliitto.fi\/kulttuuripaivat\/sv\/aktuellt\/vi-soker-frivilliga-till-kulturdagarna\/","og_locale":"fi_FI","og_type":"article","og_title":"Vi s\u00f6ker frivilliga till kulturdagarna - Kulttuurip\u00e4iv\u00e4t","og_description":"\u00c4r du intresserad av att arbeta som frivillig under de d\u00f6vas riksomfattande kulturdagar? H\u00e4r \u00e4r ett utm\u00e4rkt erbjudande f\u00f6r dig - du f\u00e5r arbetserfarenhet och ett trevligt minne fr\u00e5n en teckenspr\u00e5kig massh\u00e4ndelse som arrangeras i Helsingfors den 10-12 maj!","og_url":"https:\/\/kuurojenliitto.fi\/kulttuuripaivat\/sv\/aktuellt\/vi-soker-frivilliga-till-kulturdagarna\/","og_site_name":"Kulttuurip\u00e4iv\u00e4t","article_published_time":"2024-03-15T11:17:57+00:00","author":"Heidi Koivisto Robertson","twitter_card":"summary_large_image","twitter_misc":{"Kirjoittanut":"Heidi Koivisto Robertson","Arvioitu lukuaika":"2 minuuttia"},"schema":{"@context":"https:\/\/schema.org","@graph":[{"@type":"Article","@id":"https:\/\/kuurojenliitto.fi\/kulttuuripaivat\/sv\/aktuellt\/vi-soker-frivilliga-till-kulturdagarna\/#article","isPartOf":{"@id":"https:\/\/kuurojenliitto.fi\/kulttuuripaivat\/sv\/aktuellt\/vi-soker-frivilliga-till-kulturdagarna\/"},"author":{"name":"Heidi Koivisto Robertson","@id":"https:\/\/kuurojenliitto.fi\/kulttuuripaivat\/#\/schema\/person\/3d384687ee3b26817c3a1e0385b650db"},"headline":"Vi s\u00f6ker frivilliga till kulturdagarna","datePublished":"2024-03-15T11:17:57+00:00","mainEntityOfPage":{"@id":"https:\/\/kuurojenliitto.fi\/kulttuuripaivat\/sv\/aktuellt\/vi-soker-frivilliga-till-kulturdagarna\/"},"wordCount":286,"articleSection":["Kulturdagar"],"inLanguage":"fi"},{"@type":"WebPage","@id":"https:\/\/kuurojenliitto.fi\/kulttuuripaivat\/sv\/aktuellt\/vi-soker-frivilliga-till-kulturdagarna\/","url":"https:\/\/kuurojenliitto.fi\/kulttuuripaivat\/sv\/aktuellt\/vi-soker-frivilliga-till-kulturdagarna\/","name":"Vi s\u00f6ker frivilliga till kulturdagarna - Kulttuurip\u00e4iv\u00e4t","isPartOf":{"@id":"https:\/\/kuurojenliitto.fi\/kulttuuripaivat\/#website"},"datePublished":"2024-03-15T11:17:57+00:00","author":{"@id":"https:\/\/kuurojenliitto.fi\/kulttuuripaivat\/#\/schema\/person\/3d384687ee3b26817c3a1e0385b650db"},"breadcrumb":{"@id":"https:\/\/kuurojenliitto.fi\/kulttuuripaivat\/sv\/aktuellt\/vi-soker-frivilliga-till-kulturdagarna\/#breadcrumb"},"inLanguage":"fi","potentialAction":[{"@type":"ReadAction","target":["https:\/\/kuurojenliitto.fi\/kulttuuripaivat\/sv\/aktuellt\/vi-soker-frivilliga-till-kulturdagarna\/"]}]},{"@type":"BreadcrumbList","@id":"https:\/\/kuurojenliitto.fi\/kulttuuripaivat\/sv\/aktuellt\/vi-soker-frivilliga-till-kulturdagarna\/#breadcrumb","itemListElement":[{"@type":"ListItem","position":1,"name":"Home","item":"https:\/\/kuurojenliitto.fi\/kulttuuripaivat\/"},{"@type":"ListItem","position":2,"name":"Vi s\u00f6ker frivilliga till kulturdagarna"}]},{"@type":"WebSite","@id":"https:\/\/kuurojenliitto.fi\/kulttuuripaivat\/#website","url":"https:\/\/kuurojenliitto.fi\/kulttuuripaivat\/","name":"Kulttuurip\u00e4iv\u00e4t","description":"Uusi Kuurojen Liitto-sivustot -sivusto","potentialAction":[{"@type":"SearchAction","target":{"@type":"EntryPoint","urlTemplate":"https:\/\/kuurojenliitto.fi\/kulttuuripaivat\/?s={search_term_string}"},"query-input":{"@type":"PropertyValueSpecification","valueRequired":true,"valueName":"search_term_string"}}],"inLanguage":"fi"},{"@type":"Person","@id":"https:\/\/kuurojenliitto.fi\/kulttuuripaivat\/#\/schema\/person\/3d384687ee3b26817c3a1e0385b650db","name":"Heidi Koivisto Robertson","image":{"@type":"ImageObject","inLanguage":"fi","@id":"https:\/\/secure.gravatar.com\/avatar\/35c6f38e5cdf2085a7fb30f8f0195f3d5e9bbf26447b9add1ce98c4feb97d5b8?s=96&d=mm&r=g","url":"https:\/\/secure.gravatar.com\/avatar\/35c6f38e5cdf2085a7fb30f8f0195f3d5e9bbf26447b9add1ce98c4feb97d5b8?s=96&d=mm&r=g","contentUrl":"https:\/\/secure.gravatar.com\/avatar\/35c6f38e5cdf2085a7fb30f8f0195f3d5e9bbf26447b9add1ce98c4feb97d5b8?s=96&d=mm&r=g","caption":"Heidi Koivisto Robertson"},"url":"https:\/\/kuurojenliitto.fi\/kulttuuripaivat\/ajankohtaista\/author\/heidirobertson\/"}]}},"lang":"sv","translations":{"sv":983,"fi":932},"pll_sync_post":{},"_links":{"self":[{"href":"https:\/\/kuurojenliitto.fi\/kulttuuripaivat\/wp-json\/wp\/v2\/posts\/983","targetHints":{"allow":["GET"]}}],"collection":[{"href":"https:\/\/kuurojenliitto.fi\/kulttuuripaivat\/wp-json\/wp\/v2\/posts"}],"about":[{"href":"https:\/\/kuurojenliitto.fi\/kulttuuripaivat\/wp-json\/wp\/v2\/types\/post"}],"author":[{"embeddable":true,"href":"https:\/\/kuurojenliitto.fi\/kulttuuripaivat\/wp-json\/wp\/v2\/users\/7"}],"replies":[{"embeddable":true,"href":"https:\/\/kuurojenliitto.fi\/kulttuuripaivat\/wp-json\/wp\/v2\/comments?post=983"}],"version-history":[{"count":1,"href":"https:\/\/kuurojenliitto.fi\/kulttuuripaivat\/wp-json\/wp\/v2\/posts\/983\/revisions"}],"predecessor-version":[{"id":984,"href":"https:\/\/kuurojenliitto.fi\/kulttuuripaivat\/wp-json\/wp\/v2\/posts\/983\/revisions\/984"}],"wp:attachment":[{"href":"https:\/\/kuurojenliitto.fi\/kulttuuripaivat\/wp-json\/wp\/v2\/media?parent=983"}],"wp:term":[{"taxonomy":"category","embeddable":true,"href":"https:\/\/kuurojenliitto.fi\/kulttuuripaivat\/wp-json\/wp\/v2\/categories?post=983"},{"taxonomy":"post_tag","embeddable":true,"href":"https:\/\/kuurojenliitto.fi\/kulttuuripaivat\/wp-json\/wp\/v2\/tags?post=983"}],"curies":[{"name":"wp","href":"https:\/\/api.w.org\/{rel}","templated":true}]}}