{"id":967,"date":"2024-03-15T12:45:27","date_gmt":"2024-03-15T10:45:27","guid":{"rendered":"https:\/\/kuurojenliitto.fi\/kulttuuripaivat\/?p=967"},"modified":"2024-03-15T13:37:56","modified_gmt":"2024-03-15T11:37:56","slug":"preliminart-program-for-kulturdagar-publicerat","status":"publish","type":"post","link":"https:\/\/kuurojenliitto.fi\/kulttuuripaivat\/sv\/aktuellt\/preliminart-program-for-kulturdagar-publicerat\/","title":{"rendered":"Prelimin\u00e4rt program f\u00f6r kulturdagar publicerat"},"content":{"rendered":"<h2>Helgen b\u00f6rjar med Deaf Pub och fr\u00e5gesport<\/h2>\n<p>St\u00e4mningen inf\u00f6r l\u00f6rdagens h\u00e4ndelse h\u00f6js redan p\u00e5 Deaf Pub-kv\u00e4ll (18+) <strong>fredagen 10 maj<\/strong>, p\u00e5 restaurang Maxine i k\u00f6pcentret Kamppi. Restaurangen ligger p\u00e5 v\u00e5ning 6 och erbjuder en fantastisk utsikt \u00f6ver Helsingfors centrum.<\/p>\n<p>Programmet inkluderar en rolig fr\u00e5gesport, b\u00e5de individuellt och i lag med egna mobiltelefoner. Anm\u00e4lningsformul\u00e4ret f\u00f6r fr\u00e5gesporten kommer att publiceras under mars m\u00e5naden.<\/p>\n<h2>Kulturdagarnas traditionella uppvisningar p\u00e5 l\u00f6rdag p\u00e5 Dansens Hus<\/h2>\n<p>P\u00e5 <strong>l\u00f6rdagen den 11 maj<\/strong> \u00f6ppnas d\u00f6rrarna till Dansens Hus f\u00f6r allm\u00e4nheten <strong>kl. 9.00<\/strong>. Scenupptr\u00e4danden i olika t\u00e4vlingsklasser kommer att f\u00f6revisas p\u00e5 l\u00f6rdagen i Erkkosalen fr\u00e5n morgon till eftermiddag, varefter de b\u00e4sta konstverken och scenf\u00f6rest\u00e4llningarna kommer att bel\u00f6nas.<\/p>\n<p>I Pannhallen finns ett stort utst\u00e4llningsomr\u00e5de med presentationsbord f\u00f6r f\u00f6reningar, f\u00f6retag samt olika organisationer. Anm\u00e4lan f\u00f6r presentationsborden kommer att \u00f6ppnas inom kort.<\/p>\n<p>I Turbinsalen planeras en konstverkstad f\u00f6r barnen, s\u00e5 hela byggnaden kommer att vara fylld av teckenspr\u00e5kig aktiviteter f\u00f6r hela familjen under l\u00f6rdagen!<\/p>\n<p>P\u00e5 l\u00f6rdagskv\u00e4llen forts\u00e4tter festligheterna med Deaf Pub-kv\u00e4ll \u2013 denna g\u00e5ng p\u00e5 restaurang Apollo, d\u00e4r det bjuds p\u00e5 underh\u00e5llande framtr\u00e4danden och trevligt umg\u00e4nge fr\u00e5n kl. 19 och fram\u00e5t.<\/p>\n<h2>Det parallella programmet fokuserar p\u00e5 barn och unga<\/h2>\n<p>Under helgen kommer det ocks\u00e5 att finnas andra trevliga aktiviteter: Helsingfors f\u00f6rsamling arrangerar ett program f\u00f6r teckenspr\u00e5kig familjeklubb p\u00e5 <strong>fredagen den 10 maj kl. 9.30-12.00<\/strong>. Familjer med barn \u00e4r v\u00e4lkomna att m\u00f6tas och l\u00e4ra k\u00e4nna nya v\u00e4nner! Platsen \u00e4r Malmin Varustamo.<\/p>\n<p>F\u00f6rsamlingen genomf\u00f6r ocks\u00e5 en teckenspr\u00e5kig kv\u00e4llsandakt p\u00e5 l\u00f6rdag kv\u00e4ll kl. 19.00 vid St. Jacobs kyrkan i Drums\u00f6.<\/p>\n<p>Samtidigt som kulturdagarna p\u00e5g\u00e5r arrangerar Finlands D\u00f6vas F\u00f6rbund en Kulttisl\u00e4ger f\u00f6r barn och unga, som samordnas av f\u00f6rbundets ungdomsarbetet. L\u00e4gret b\u00f6rjar p\u00e5 fredagen och de har sitt eget program under hela helgen, d\u00e4r de ocks\u00e5 bes\u00f6ker kulturdagarna. P\u00e5 <strong>l\u00f6rdagen den 11 maj<\/strong> arrangeras en Deaf Disco f\u00f6r barn och unga (7-17 \u00e5r) p\u00e5 Gr\u00e4svikens ungdomsg\u00e5rd <strong>kl. 18-21<\/strong>. F\u00f6rutom de som anm\u00e4lt sig till l\u00e4gret, \u00e4r \u00e4ven andra barn och unga v\u00e4lkomna till den gratis Deaf Discon!<\/p>\n<p>P\u00e5 <strong>s\u00f6ndagen den 12 maj<\/strong> \u00e4r det utflyktsdag i Helsingfors centrum med guidade turer. Mer information om utflyktsdagen kommer senare.<\/p>\n","protected":false},"excerpt":{"rendered":"<p>\u00c4ntligen kan vi nu presentera det prelimin\u00e4ra programmet f\u00f6r d\u00f6vas 32:e riksomfattande kulturdagar, vilket bjuder p\u00e5 en rolig helg med ett rikt utbud av f\u00f6rest\u00e4llningar och aktiviteter!<\/p>\n","protected":false},"author":7,"featured_media":960,"comment_status":"closed","ping_status":"closed","sticky":false,"template":"","format":"standard","meta":{"_acf_changed":false,"footnotes":""},"categories":[16],"tags":[],"class_list":["post-967","post","type-post","status-publish","format-standard","has-post-thumbnail","hentry","category-kulturdagar","px-4 sm:px-4 md:px-8 lg:px-12 xl:px-24"],"acf":[],"yoast_head":"<!-- This site is optimized with the Yoast SEO plugin v28.4 - https:\/\/yoast.com\/product\/yoast-seo-wordpress\/ -->\n<title>Prelimin\u00e4rt program f\u00f6r kulturdagar publicerat - Kulttuurip\u00e4iv\u00e4t<\/title>\n<meta name=\"robots\" content=\"index, follow, max-snippet:-1, max-image-preview:large, max-video-preview:-1\" \/>\n<link rel=\"canonical\" href=\"https:\/\/kuurojenliitto.fi\/kulttuuripaivat\/sv\/aktuellt\/preliminart-program-for-kulturdagar-publicerat\/\" \/>\n<meta property=\"og:locale\" content=\"fi_FI\" \/>\n<meta property=\"og:type\" content=\"article\" \/>\n<meta property=\"og:title\" content=\"Prelimin\u00e4rt program f\u00f6r kulturdagar publicerat - Kulttuurip\u00e4iv\u00e4t\" \/>\n<meta property=\"og:description\" content=\"\u00c4ntligen kan vi nu presentera det prelimin\u00e4ra programmet f\u00f6r d\u00f6vas 32:e riksomfattande kulturdagar, vilket bjuder p\u00e5 en rolig helg med ett rikt utbud av f\u00f6rest\u00e4llningar och aktiviteter!\" \/>\n<meta property=\"og:url\" content=\"https:\/\/kuurojenliitto.fi\/kulttuuripaivat\/sv\/aktuellt\/preliminart-program-for-kulturdagar-publicerat\/\" \/>\n<meta property=\"og:site_name\" content=\"Kulttuurip\u00e4iv\u00e4t\" \/>\n<meta property=\"article:published_time\" content=\"2024-03-15T10:45:27+00:00\" \/>\n<meta property=\"article:modified_time\" content=\"2024-03-15T11:37:56+00:00\" \/>\n<meta property=\"og:image\" content=\"https:\/\/kuurojenliitto.fi\/kulttuuripaivat\/wp-content\/uploads\/sites\/9\/2024\/03\/9M9A2507.jpg\" \/>\n\t<meta property=\"og:image:width\" content=\"1620\" \/>\n\t<meta property=\"og:image:height\" content=\"1080\" \/>\n\t<meta property=\"og:image:type\" content=\"image\/jpeg\" \/>\n<meta name=\"author\" content=\"Heidi Koivisto Robertson\" \/>\n<meta name=\"twitter:card\" content=\"summary_large_image\" \/>\n<meta name=\"twitter:label1\" content=\"Kirjoittanut\" \/>\n\t<meta name=\"twitter:data1\" content=\"Heidi Koivisto Robertson\" \/>\n\t<meta name=\"twitter:label2\" content=\"Arvioitu lukuaika\" \/>\n\t<meta name=\"twitter:data2\" content=\"3 minuuttia\" \/>\n<script type=\"application\/ld+json\" class=\"yoast-schema-graph\">{\"@context\":\"https:\\\/\\\/schema.org\",\"@graph\":[{\"@type\":\"Article\",\"@id\":\"https:\\\/\\\/kuurojenliitto.fi\\\/kulttuuripaivat\\\/sv\\\/aktuellt\\\/preliminart-program-for-kulturdagar-publicerat\\\/#article\",\"isPartOf\":{\"@id\":\"https:\\\/\\\/kuurojenliitto.fi\\\/kulttuuripaivat\\\/sv\\\/aktuellt\\\/preliminart-program-for-kulturdagar-publicerat\\\/\"},\"author\":{\"name\":\"Heidi Koivisto Robertson\",\"@id\":\"https:\\\/\\\/kuurojenliitto.fi\\\/kulttuuripaivat\\\/#\\\/schema\\\/person\\\/3d384687ee3b26817c3a1e0385b650db\"},\"headline\":\"Prelimin\u00e4rt program f\u00f6r kulturdagar publicerat\",\"datePublished\":\"2024-03-15T10:45:27+00:00\",\"dateModified\":\"2024-03-15T11:37:56+00:00\",\"mainEntityOfPage\":{\"@id\":\"https:\\\/\\\/kuurojenliitto.fi\\\/kulttuuripaivat\\\/sv\\\/aktuellt\\\/preliminart-program-for-kulturdagar-publicerat\\\/\"},\"wordCount\":423,\"image\":{\"@id\":\"https:\\\/\\\/kuurojenliitto.fi\\\/kulttuuripaivat\\\/sv\\\/aktuellt\\\/preliminart-program-for-kulturdagar-publicerat\\\/#primaryimage\"},\"thumbnailUrl\":\"https:\\\/\\\/kuurojenliitto.fi\\\/kulttuuripaivat\\\/wp-content\\\/uploads\\\/sites\\\/9\\\/2024\\\/03\\\/9M9A2507.jpg\",\"articleSection\":[\"Kulturdagar\"],\"inLanguage\":\"fi\"},{\"@type\":\"WebPage\",\"@id\":\"https:\\\/\\\/kuurojenliitto.fi\\\/kulttuuripaivat\\\/sv\\\/aktuellt\\\/preliminart-program-for-kulturdagar-publicerat\\\/\",\"url\":\"https:\\\/\\\/kuurojenliitto.fi\\\/kulttuuripaivat\\\/sv\\\/aktuellt\\\/preliminart-program-for-kulturdagar-publicerat\\\/\",\"name\":\"Prelimin\u00e4rt program f\u00f6r kulturdagar publicerat - Kulttuurip\u00e4iv\u00e4t\",\"isPartOf\":{\"@id\":\"https:\\\/\\\/kuurojenliitto.fi\\\/kulttuuripaivat\\\/#website\"},\"primaryImageOfPage\":{\"@id\":\"https:\\\/\\\/kuurojenliitto.fi\\\/kulttuuripaivat\\\/sv\\\/aktuellt\\\/preliminart-program-for-kulturdagar-publicerat\\\/#primaryimage\"},\"image\":{\"@id\":\"https:\\\/\\\/kuurojenliitto.fi\\\/kulttuuripaivat\\\/sv\\\/aktuellt\\\/preliminart-program-for-kulturdagar-publicerat\\\/#primaryimage\"},\"thumbnailUrl\":\"https:\\\/\\\/kuurojenliitto.fi\\\/kulttuuripaivat\\\/wp-content\\\/uploads\\\/sites\\\/9\\\/2024\\\/03\\\/9M9A2507.jpg\",\"datePublished\":\"2024-03-15T10:45:27+00:00\",\"dateModified\":\"2024-03-15T11:37:56+00:00\",\"author\":{\"@id\":\"https:\\\/\\\/kuurojenliitto.fi\\\/kulttuuripaivat\\\/#\\\/schema\\\/person\\\/3d384687ee3b26817c3a1e0385b650db\"},\"breadcrumb\":{\"@id\":\"https:\\\/\\\/kuurojenliitto.fi\\\/kulttuuripaivat\\\/sv\\\/aktuellt\\\/preliminart-program-for-kulturdagar-publicerat\\\/#breadcrumb\"},\"inLanguage\":\"fi\",\"potentialAction\":[{\"@type\":\"ReadAction\",\"target\":[\"https:\\\/\\\/kuurojenliitto.fi\\\/kulttuuripaivat\\\/sv\\\/aktuellt\\\/preliminart-program-for-kulturdagar-publicerat\\\/\"]}]},{\"@type\":\"ImageObject\",\"inLanguage\":\"fi\",\"@id\":\"https:\\\/\\\/kuurojenliitto.fi\\\/kulttuuripaivat\\\/sv\\\/aktuellt\\\/preliminart-program-for-kulturdagar-publicerat\\\/#primaryimage\",\"url\":\"https:\\\/\\\/kuurojenliitto.fi\\\/kulttuuripaivat\\\/wp-content\\\/uploads\\\/sites\\\/9\\\/2024\\\/03\\\/9M9A2507.jpg\",\"contentUrl\":\"https:\\\/\\\/kuurojenliitto.fi\\\/kulttuuripaivat\\\/wp-content\\\/uploads\\\/sites\\\/9\\\/2024\\\/03\\\/9M9A2507.jpg\",\"width\":1620,\"height\":1080},{\"@type\":\"BreadcrumbList\",\"@id\":\"https:\\\/\\\/kuurojenliitto.fi\\\/kulttuuripaivat\\\/sv\\\/aktuellt\\\/preliminart-program-for-kulturdagar-publicerat\\\/#breadcrumb\",\"itemListElement\":[{\"@type\":\"ListItem\",\"position\":1,\"name\":\"Home\",\"item\":\"https:\\\/\\\/kuurojenliitto.fi\\\/kulttuuripaivat\\\/\"},{\"@type\":\"ListItem\",\"position\":2,\"name\":\"Prelimin\u00e4rt program f\u00f6r kulturdagar publicerat\"}]},{\"@type\":\"WebSite\",\"@id\":\"https:\\\/\\\/kuurojenliitto.fi\\\/kulttuuripaivat\\\/#website\",\"url\":\"https:\\\/\\\/kuurojenliitto.fi\\\/kulttuuripaivat\\\/\",\"name\":\"Kulttuurip\u00e4iv\u00e4t\",\"description\":\"Uusi Kuurojen Liitto-sivustot -sivusto\",\"potentialAction\":[{\"@type\":\"SearchAction\",\"target\":{\"@type\":\"EntryPoint\",\"urlTemplate\":\"https:\\\/\\\/kuurojenliitto.fi\\\/kulttuuripaivat\\\/?s={search_term_string}\"},\"query-input\":{\"@type\":\"PropertyValueSpecification\",\"valueRequired\":true,\"valueName\":\"search_term_string\"}}],\"inLanguage\":\"fi\"},{\"@type\":\"Person\",\"@id\":\"https:\\\/\\\/kuurojenliitto.fi\\\/kulttuuripaivat\\\/#\\\/schema\\\/person\\\/3d384687ee3b26817c3a1e0385b650db\",\"name\":\"Heidi Koivisto Robertson\",\"image\":{\"@type\":\"ImageObject\",\"inLanguage\":\"fi\",\"@id\":\"https:\\\/\\\/secure.gravatar.com\\\/avatar\\\/35c6f38e5cdf2085a7fb30f8f0195f3d5e9bbf26447b9add1ce98c4feb97d5b8?s=96&d=mm&r=g\",\"url\":\"https:\\\/\\\/secure.gravatar.com\\\/avatar\\\/35c6f38e5cdf2085a7fb30f8f0195f3d5e9bbf26447b9add1ce98c4feb97d5b8?s=96&d=mm&r=g\",\"contentUrl\":\"https:\\\/\\\/secure.gravatar.com\\\/avatar\\\/35c6f38e5cdf2085a7fb30f8f0195f3d5e9bbf26447b9add1ce98c4feb97d5b8?s=96&d=mm&r=g\",\"caption\":\"Heidi Koivisto Robertson\"},\"url\":\"https:\\\/\\\/kuurojenliitto.fi\\\/kulttuuripaivat\\\/ajankohtaista\\\/author\\\/heidirobertson\\\/\"}]}<\/script>\n<!-- \/ Yoast SEO plugin. -->","yoast_head_json":{"title":"Prelimin\u00e4rt program f\u00f6r kulturdagar publicerat - Kulttuurip\u00e4iv\u00e4t","robots":{"index":"index","follow":"follow","max-snippet":"max-snippet:-1","max-image-preview":"max-image-preview:large","max-video-preview":"max-video-preview:-1"},"canonical":"https:\/\/kuurojenliitto.fi\/kulttuuripaivat\/sv\/aktuellt\/preliminart-program-for-kulturdagar-publicerat\/","og_locale":"fi_FI","og_type":"article","og_title":"Prelimin\u00e4rt program f\u00f6r kulturdagar publicerat - Kulttuurip\u00e4iv\u00e4t","og_description":"\u00c4ntligen kan vi nu presentera det prelimin\u00e4ra programmet f\u00f6r d\u00f6vas 32:e riksomfattande kulturdagar, vilket bjuder p\u00e5 en rolig helg med ett rikt utbud av f\u00f6rest\u00e4llningar och aktiviteter!","og_url":"https:\/\/kuurojenliitto.fi\/kulttuuripaivat\/sv\/aktuellt\/preliminart-program-for-kulturdagar-publicerat\/","og_site_name":"Kulttuurip\u00e4iv\u00e4t","article_published_time":"2024-03-15T10:45:27+00:00","article_modified_time":"2024-03-15T11:37:56+00:00","og_image":[{"width":1620,"height":1080,"url":"https:\/\/kuurojenliitto.fi\/kulttuuripaivat\/wp-content\/uploads\/sites\/9\/2024\/03\/9M9A2507.jpg","type":"image\/jpeg"}],"author":"Heidi Koivisto Robertson","twitter_card":"summary_large_image","twitter_misc":{"Kirjoittanut":"Heidi Koivisto Robertson","Arvioitu lukuaika":"3 minuuttia"},"schema":{"@context":"https:\/\/schema.org","@graph":[{"@type":"Article","@id":"https:\/\/kuurojenliitto.fi\/kulttuuripaivat\/sv\/aktuellt\/preliminart-program-for-kulturdagar-publicerat\/#article","isPartOf":{"@id":"https:\/\/kuurojenliitto.fi\/kulttuuripaivat\/sv\/aktuellt\/preliminart-program-for-kulturdagar-publicerat\/"},"author":{"name":"Heidi Koivisto Robertson","@id":"https:\/\/kuurojenliitto.fi\/kulttuuripaivat\/#\/schema\/person\/3d384687ee3b26817c3a1e0385b650db"},"headline":"Prelimin\u00e4rt program f\u00f6r kulturdagar publicerat","datePublished":"2024-03-15T10:45:27+00:00","dateModified":"2024-03-15T11:37:56+00:00","mainEntityOfPage":{"@id":"https:\/\/kuurojenliitto.fi\/kulttuuripaivat\/sv\/aktuellt\/preliminart-program-for-kulturdagar-publicerat\/"},"wordCount":423,"image":{"@id":"https:\/\/kuurojenliitto.fi\/kulttuuripaivat\/sv\/aktuellt\/preliminart-program-for-kulturdagar-publicerat\/#primaryimage"},"thumbnailUrl":"https:\/\/kuurojenliitto.fi\/kulttuuripaivat\/wp-content\/uploads\/sites\/9\/2024\/03\/9M9A2507.jpg","articleSection":["Kulturdagar"],"inLanguage":"fi"},{"@type":"WebPage","@id":"https:\/\/kuurojenliitto.fi\/kulttuuripaivat\/sv\/aktuellt\/preliminart-program-for-kulturdagar-publicerat\/","url":"https:\/\/kuurojenliitto.fi\/kulttuuripaivat\/sv\/aktuellt\/preliminart-program-for-kulturdagar-publicerat\/","name":"Prelimin\u00e4rt program f\u00f6r kulturdagar publicerat - Kulttuurip\u00e4iv\u00e4t","isPartOf":{"@id":"https:\/\/kuurojenliitto.fi\/kulttuuripaivat\/#website"},"primaryImageOfPage":{"@id":"https:\/\/kuurojenliitto.fi\/kulttuuripaivat\/sv\/aktuellt\/preliminart-program-for-kulturdagar-publicerat\/#primaryimage"},"image":{"@id":"https:\/\/kuurojenliitto.fi\/kulttuuripaivat\/sv\/aktuellt\/preliminart-program-for-kulturdagar-publicerat\/#primaryimage"},"thumbnailUrl":"https:\/\/kuurojenliitto.fi\/kulttuuripaivat\/wp-content\/uploads\/sites\/9\/2024\/03\/9M9A2507.jpg","datePublished":"2024-03-15T10:45:27+00:00","dateModified":"2024-03-15T11:37:56+00:00","author":{"@id":"https:\/\/kuurojenliitto.fi\/kulttuuripaivat\/#\/schema\/person\/3d384687ee3b26817c3a1e0385b650db"},"breadcrumb":{"@id":"https:\/\/kuurojenliitto.fi\/kulttuuripaivat\/sv\/aktuellt\/preliminart-program-for-kulturdagar-publicerat\/#breadcrumb"},"inLanguage":"fi","potentialAction":[{"@type":"ReadAction","target":["https:\/\/kuurojenliitto.fi\/kulttuuripaivat\/sv\/aktuellt\/preliminart-program-for-kulturdagar-publicerat\/"]}]},{"@type":"ImageObject","inLanguage":"fi","@id":"https:\/\/kuurojenliitto.fi\/kulttuuripaivat\/sv\/aktuellt\/preliminart-program-for-kulturdagar-publicerat\/#primaryimage","url":"https:\/\/kuurojenliitto.fi\/kulttuuripaivat\/wp-content\/uploads\/sites\/9\/2024\/03\/9M9A2507.jpg","contentUrl":"https:\/\/kuurojenliitto.fi\/kulttuuripaivat\/wp-content\/uploads\/sites\/9\/2024\/03\/9M9A2507.jpg","width":1620,"height":1080},{"@type":"BreadcrumbList","@id":"https:\/\/kuurojenliitto.fi\/kulttuuripaivat\/sv\/aktuellt\/preliminart-program-for-kulturdagar-publicerat\/#breadcrumb","itemListElement":[{"@type":"ListItem","position":1,"name":"Home","item":"https:\/\/kuurojenliitto.fi\/kulttuuripaivat\/"},{"@type":"ListItem","position":2,"name":"Prelimin\u00e4rt program f\u00f6r kulturdagar publicerat"}]},{"@type":"WebSite","@id":"https:\/\/kuurojenliitto.fi\/kulttuuripaivat\/#website","url":"https:\/\/kuurojenliitto.fi\/kulttuuripaivat\/","name":"Kulttuurip\u00e4iv\u00e4t","description":"Uusi Kuurojen Liitto-sivustot -sivusto","potentialAction":[{"@type":"SearchAction","target":{"@type":"EntryPoint","urlTemplate":"https:\/\/kuurojenliitto.fi\/kulttuuripaivat\/?s={search_term_string}"},"query-input":{"@type":"PropertyValueSpecification","valueRequired":true,"valueName":"search_term_string"}}],"inLanguage":"fi"},{"@type":"Person","@id":"https:\/\/kuurojenliitto.fi\/kulttuuripaivat\/#\/schema\/person\/3d384687ee3b26817c3a1e0385b650db","name":"Heidi Koivisto Robertson","image":{"@type":"ImageObject","inLanguage":"fi","@id":"https:\/\/secure.gravatar.com\/avatar\/35c6f38e5cdf2085a7fb30f8f0195f3d5e9bbf26447b9add1ce98c4feb97d5b8?s=96&d=mm&r=g","url":"https:\/\/secure.gravatar.com\/avatar\/35c6f38e5cdf2085a7fb30f8f0195f3d5e9bbf26447b9add1ce98c4feb97d5b8?s=96&d=mm&r=g","contentUrl":"https:\/\/secure.gravatar.com\/avatar\/35c6f38e5cdf2085a7fb30f8f0195f3d5e9bbf26447b9add1ce98c4feb97d5b8?s=96&d=mm&r=g","caption":"Heidi Koivisto Robertson"},"url":"https:\/\/kuurojenliitto.fi\/kulttuuripaivat\/ajankohtaista\/author\/heidirobertson\/"}]}},"lang":"sv","translations":{"sv":967,"fi":938},"pll_sync_post":{},"_links":{"self":[{"href":"https:\/\/kuurojenliitto.fi\/kulttuuripaivat\/wp-json\/wp\/v2\/posts\/967","targetHints":{"allow":["GET"]}}],"collection":[{"href":"https:\/\/kuurojenliitto.fi\/kulttuuripaivat\/wp-json\/wp\/v2\/posts"}],"about":[{"href":"https:\/\/kuurojenliitto.fi\/kulttuuripaivat\/wp-json\/wp\/v2\/types\/post"}],"author":[{"embeddable":true,"href":"https:\/\/kuurojenliitto.fi\/kulttuuripaivat\/wp-json\/wp\/v2\/users\/7"}],"replies":[{"embeddable":true,"href":"https:\/\/kuurojenliitto.fi\/kulttuuripaivat\/wp-json\/wp\/v2\/comments?post=967"}],"version-history":[{"count":4,"href":"https:\/\/kuurojenliitto.fi\/kulttuuripaivat\/wp-json\/wp\/v2\/posts\/967\/revisions"}],"predecessor-version":[{"id":987,"href":"https:\/\/kuurojenliitto.fi\/kulttuuripaivat\/wp-json\/wp\/v2\/posts\/967\/revisions\/987"}],"wp:featuredmedia":[{"embeddable":true,"href":"https:\/\/kuurojenliitto.fi\/kulttuuripaivat\/wp-json\/wp\/v2\/media\/960"}],"wp:attachment":[{"href":"https:\/\/kuurojenliitto.fi\/kulttuuripaivat\/wp-json\/wp\/v2\/media?parent=967"}],"wp:term":[{"taxonomy":"category","embeddable":true,"href":"https:\/\/kuurojenliitto.fi\/kulttuuripaivat\/wp-json\/wp\/v2\/categories?post=967"},{"taxonomy":"post_tag","embeddable":true,"href":"https:\/\/kuurojenliitto.fi\/kulttuuripaivat\/wp-json\/wp\/v2\/tags?post=967"}],"curies":[{"name":"wp","href":"https:\/\/api.w.org\/{rel}","templated":true}]}}